{"id":1493,"date":"2019-12-21T12:58:08","date_gmt":"2019-12-21T09:58:08","guid":{"rendered":"http:\/\/3gozdergisi.com\/?p=1493"},"modified":"2019-12-21T13:10:15","modified_gmt":"2019-12-21T10:10:15","slug":"1493","status":"publish","type":"post","link":"https:\/\/3gozdergisi.com\/?p=1493","title":{"rendered":"Do\u011fan G\u00fcne\u015f; Nardugan"},"content":{"rendered":"<blockquote><p>T\u00fcrkler, \u00f6l\u00fcms\u00fczl\u00fc\u011f\u00fcn simgesi olarak kabul ettikleri ve T\u00fcrk Mitolojisi&#8217;ne g\u00f6re t\u00fcm insanlar\u0131n t\u00fcredi\u011fi a\u011fa\u00e7 olan Ak\u00e7a\u00e7am A\u011fa\u00e7lar\u0131&#8217;n\u0131 s\u00fcslerlermi\u015f bug\u00fcn. Sonra s\u00fcsledikleri a\u011fa\u00e7lar\u0131n alt\u0131nda, \u00e7evresinde toplan\u0131r, \u015fark\u0131lar s\u00f6yler ve e\u011flenerek geleneksel oyunlar oynarlarm\u0131\u015f&#8230;<\/p><\/blockquote>\n<p>Nardugan, T\u00fcrklerin kutlad\u0131\u011f\u0131 di\u011fer bayramlar olan Pakt\u0131gan ve Ko\u00e7agan&#8217;la da uyumlu olup,\u00a0 g\u00fcnd\u00f6n\u00fcm\u00fcne dayal\u0131 bayramlarla birlikte \u00fc\u00e7l\u00fc bir yap\u0131n\u0131n par\u00e7as\u0131d\u0131r. Mo\u011fol dilinde Nar g\u00fcne\u015f anlam\u0131na gelirken, T\u00fcrk\u00e7e de Tuqan (Do\u011fan) s\u00f6zc\u00fcklerinin birle\u015fimidir.<\/p>\n<p>T\u00fcrkiye&#8217;nin de i\u00e7inde bulundu\u011fu Kuzey yar\u0131mk\u00fcrede en\u00a0<b>uzun gece<\/b>\u00a0ya\u015fand\u0131ktan sonra 23\u00a0<b>Aral\u0131k<\/b>&#8216;tan itibaren geceler k\u0131sal\u0131p g\u00fcnd\u00fczler uzamaya ba\u015flayacak.\u00a0<b>21 Aral\u0131k<\/b>&#8216;ta \u00fclkemizde en\u00a0<b>uzun gece<\/b>\u00a0ise Kuzey&#8217;deki Sinop&#8217;ta ya\u015fayanlarca deneyimlenecektir.<\/p>\n<p><span class=\"ILfuVd\"><span class=\"e24Kjd\"><b>NOT: Nardugan<\/b>, Roma&#8217;da Sat\u00fcrnalya, Antik Yunan&#8217;da ise Dionysos \u015eenlikleri olarak kutlanan, T\u00fcrklerde G\u00fcne\u015f&#8217;in Do\u011fu\u015fu anlam\u0131na gelen ve \u00d6n T\u00fcrkler&#8217;deki atalar k\u00fclt\u00fc d\u00f6neminden g\u00fcn\u00fcm\u00fcze kadar Orta Asya co\u011frafyas\u0131nda G\u00fcne\u015f k\u00fclt\u00fc ad\u0131na kutlanan bir bayramd\u0131r. Her y\u0131l 22 Aral\u0131k&#8217;tan sonra gelen ilk dolunayda kutlan\u0131r.<\/span><\/span><\/p>\n<div class=\"g\"><a href=\"http:\/\/turksam.org\/22-aralik-turklerde-yeni-yil-nardogan-bayrami\">\u00a0Kaynak\u00e7a:\u00a0<\/a><\/div>\n","protected":false},"excerpt":{"rendered":"<p>T\u00fcrkler, \u00f6l\u00fcms\u00fczl\u00fc\u011f\u00fcn simgesi olarak kabul ettikleri ve T\u00fcrk Mitolojisi&#8217;ne g\u00f6re t\u00fcm insanlar\u0131n t\u00fcredi\u011fi a\u011fa\u00e7 olan Ak\u00e7a\u00e7am A\u011fa\u00e7lar\u0131&#8217;n\u0131 s\u00fcslerlermi\u015f bug\u00fcn. Sonra s\u00fcsledikleri a\u011fa\u00e7lar\u0131n alt\u0131nda, \u00e7evresinde toplan\u0131r, \u015fark\u0131lar s\u00f6yler ve e\u011flenerek geleneksel oyunlar oynarlarm\u0131\u015f&#8230; Nardugan, T\u00fcrklerin kutlad\u0131\u011f\u0131 di\u011fer bayramlar olan Pakt\u0131gan ve Ko\u00e7agan&#8217;la da uyumlu olup,\u00a0 g\u00fcnd\u00f6n\u00fcm\u00fcne dayal\u0131 bayramlarla birlikte \u00fc\u00e7l\u00fc bir<span class=\"more-link\"><a href=\"https:\/\/3gozdergisi.com\/?p=1493\">Read More &rarr;<\/a><\/span><\/p>\n","protected":false},"author":5,"featured_media":1497,"comment_status":"closed","ping_status":"open","sticky":false,"template":"","format":"standard","meta":{"advanced_seo_description":"","jetpack_seo_html_title":"","jetpack_seo_noindex":false,"jetpack_post_was_ever_published":false,"_jetpack_newsletter_access":"","_jetpack_dont_email_post_to_subs":false,"_jetpack_newsletter_tier_id":0,"_jetpack_memberships_contains_paywalled_content":false,"_jetpack_memberships_contains_paid_content":false,"footnotes":"","jetpack_publicize_message":"","jetpack_publicize_feature_enabled":true,"jetpack_social_post_already_shared":true,"jetpack_social_options":{"image_generator_settings":{"template":"highway","default_image_id":0,"font":"","enabled":false},"version":2}},"categories":[1],"tags":[1082,1085,867,1088,1083,1080,1086,1081,1087,1084],"class_list":["entry","author-gulerpinarbasi","post-1493","post","type-post","status-publish","format-standard","has-post-thumbnail","category-genel","tag-21-aralik","tag-akcacam-agaclari","tag-aralik","tag-dogan-gunes","tag-en-uzun-gece","tag-nardugan-bayrami","tag-olumsuzlugun-simgesi","tag-sinop","tag-turk-mitolojisi","tag-turkler"],"jetpack_publicize_connections":[],"jetpack_featured_media_url":"https:\/\/i0.wp.com\/3gozdergisi.com\/wp-content\/uploads\/2019\/12\/nardugan.jpg?fit=847%2C477&ssl=1","jetpack-related-posts":[{"id":923,"url":"https:\/\/3gozdergisi.com\/?p=923","url_meta":{"origin":1493,"position":0},"title":"Akshaya Tritiya g\u00fcn\u00fc bu y\u0131l 7 May\u0131s\u2019 ta ger\u00e7ekle\u015fiyor.","author":"g\u00fcler p\u0131narba\u015f\u0131","date":"6 May\u0131s 2019","format":false,"excerpt":"\u0130nternette gezinirken farkettik ki yar\u0131n, yani 7 May\u0131s Vedik Astrolojiye g\u00f6re\u00a0\u00a0Akshaya Tritiya yani bitmeyen t\u00fckenmeyen g\u00fcnm\u00fc\u015f.\u00a0\u00a0Her y\u0131l\u00a0 Sideral zodya\u011f\u0131 hesab\u0131na g\u00f6re Ko\u00e7 Yeni Ay\u2019\u0131ndan sonra \u00f6zel bir teknikle hesaplanmaktaym\u0131\u015f. Bug\u00fcn\u00fcn en b\u00fcy\u00fck \u00f6zelli\u011fi nedir diye ara\u015ft\u0131rd\u0131\u011f\u0131m\u0131zda, inan\u0131\u015fa g\u00f6re; o g\u00fcn enerjisiyle at\u0131lan ad\u0131mlar, ba\u015flayan i\u015fler, ili\u015fkiler uzun s\u00fcrecek ve t\u00fckenmeyecekmi\u015f.\u2026","rel":"","context":"&quot;Genel&quot; i\u00e7inde","block_context":{"text":"Genel","link":"https:\/\/3gozdergisi.com\/?cat=1"},"img":{"alt_text":"","src":"https:\/\/i0.wp.com\/3gozdergisi.com\/wp-content\/uploads\/2019\/05\/akasya-g%C3%BCn%C3%BC-1.jpg?fit=640%2C480&ssl=1&resize=350%2C200","width":350,"height":200,"srcset":"https:\/\/i0.wp.com\/3gozdergisi.com\/wp-content\/uploads\/2019\/05\/akasya-g%C3%BCn%C3%BC-1.jpg?fit=640%2C480&ssl=1&resize=350%2C200 1x, https:\/\/i0.wp.com\/3gozdergisi.com\/wp-content\/uploads\/2019\/05\/akasya-g%C3%BCn%C3%BC-1.jpg?fit=640%2C480&ssl=1&resize=525%2C300 1.5x"},"classes":[]},{"id":2269,"url":"https:\/\/3gozdergisi.com\/?p=2269","url_meta":{"origin":1493,"position":1},"title":"Aral\u0131k Ay\u0131 Y\u00fckselen Bur\u00e7 Yorumlar\u0131","author":"editor net","date":"11 Aral\u0131k 2020","format":false,"excerpt":"Y\u00fckselen Ko\u00e7lar \u0130kizler Burcu\u2019nda ger\u00e7ekle\u015fen dolunay evresindeki Ay\u2019\u0131n tutulmas\u0131yla ba\u015fl\u0131yoruz. Ay tutulmalar\u0131 duygusal vedalar\u0131 anlat\u0131r. Karde\u015fleriniz ve yak\u0131n \u00e7evrenizle ilgili bir g\u00fcndeme i\u015faret ederken ayn\u0131 zamanda otomobil vb. de\u011fi\u015fikli\u011fi ile ilgili de bir \u015fey g\u00fcndeminizde. Arac\u0131n\u0131z\u0131 satabilir veya de\u011fi\u015ftirebilirsiniz. 14 Aral\u0131k 2020 tarihinde y\u0131l\u0131n son G\u00fcne\u015f tutulmas\u0131 Yay Burcu\u2019nda ve\u2026","rel":"","context":"&quot;Genel&quot; i\u00e7inde","block_context":{"text":"Genel","link":"https:\/\/3gozdergisi.com\/?cat=1"},"img":{"alt_text":"","src":"https:\/\/i0.wp.com\/3gozdergisi.com\/wp-content\/uploads\/2020\/12\/astroloji.jpg?fit=512%2C341&ssl=1&resize=350%2C200","width":350,"height":200},"classes":[]},{"id":574,"url":"https:\/\/3gozdergisi.com\/?p=574","url_meta":{"origin":1493,"position":2},"title":"Umut k\u00f6pr\u00fcs\u00fcn\u00fc bir aya\u011f\u0131 yar\u0131ndaysa di\u011fer aya\u011f\u0131 ya\u015fad\u0131\u011f\u0131m\u0131z andad\u0131r!","author":"dergi","date":"24 Ocak 2018","format":false,"excerpt":"\u00a0 Yaz\u0131: Tutku \u00c7etin 1 Ocak sabah\u0131 do\u011fan g\u00fcne\u015f daha \u00f6nce hi\u00e7 ya\u015fanmam\u0131\u015f lekesiz g\u00fcnleri, p\u0131r\u0131l p\u0131r\u0131l bir y\u0131l\u0131 getirdi d\u00fcnyam\u0131za. \u015eimdi b\u00fct\u00fcn beklentilerimiz, r\u00fcyalar\u0131m\u0131z, hayallerimizi yeni bir y\u0131la ba\u011flad\u0131k. Yeni y\u0131l, yeni ba\u015flang\u0131\u00e7lard\u0131r, de\u011fi\u015fimlerdir... Yeni bir y\u0131l\u0131n yeni bir ba\u015flang\u0131\u00e7 oldu\u011fu do\u011fru. En az\u0131ndan mevsimsel d\u00f6ng\u00fcy\u00fc tamamlayarak on iki\u2026","rel":"","context":"&quot;Genel&quot; i\u00e7inde","block_context":{"text":"Genel","link":"https:\/\/3gozdergisi.com\/?cat=1"},"img":{"alt_text":"","src":"https:\/\/i0.wp.com\/3gozdergisi.com\/wp-content\/uploads\/2018\/01\/pexels-photo-356642-2.jpg?fit=1200%2C800&ssl=1&resize=350%2C200","width":350,"height":200,"srcset":"https:\/\/i0.wp.com\/3gozdergisi.com\/wp-content\/uploads\/2018\/01\/pexels-photo-356642-2.jpg?fit=1200%2C800&ssl=1&resize=350%2C200 1x, https:\/\/i0.wp.com\/3gozdergisi.com\/wp-content\/uploads\/2018\/01\/pexels-photo-356642-2.jpg?fit=1200%2C800&ssl=1&resize=525%2C300 1.5x, https:\/\/i0.wp.com\/3gozdergisi.com\/wp-content\/uploads\/2018\/01\/pexels-photo-356642-2.jpg?fit=1200%2C800&ssl=1&resize=700%2C400 2x, https:\/\/i0.wp.com\/3gozdergisi.com\/wp-content\/uploads\/2018\/01\/pexels-photo-356642-2.jpg?fit=1200%2C800&ssl=1&resize=1050%2C600 3x"},"classes":[]},{"id":1251,"url":"https:\/\/3gozdergisi.com\/?p=1251","url_meta":{"origin":1493,"position":3},"title":"\u015eatonun bodrum kat\u0131&#8230;","author":"g\u00fcler p\u0131narba\u015f\u0131","date":"14 Kas\u0131m 2019","format":false,"excerpt":"Bat\u0131l\u0131 d\u00fcnya g\u00f6r\u00fc\u015f\u00fc bize kazanmak ve ba\u015far\u0131l\u0131 olmak i\u00e7in hep ba\u015fkalar\u0131ndan daha iyi olmak gerekti\u011fini, yar\u0131\u015fmay\u0131, rekabeti, ezmek, b\u00f6lmek ve par\u00e7alamak gerekti\u011fini s\u00f6yl\u00fcyor. Oysa konuya ben ve \u00f6teki diye bakt\u0131\u011f\u0131m\u0131zda kendimizi \u00e7eli\u015fkili bir \u00e7at\u0131\u015fman\u0131n tam merkezine oturtmu\u015f oluyoruz. Bizler her \u015feyin b\u00fct\u00fcn oldu\u011fu bir d\u00fcn- yan\u0131n sadece bir par\u00e7as\u0131 ama\u2026","rel":"","context":"&quot;Genel&quot; i\u00e7inde","block_context":{"text":"Genel","link":"https:\/\/3gozdergisi.com\/?cat=1"},"img":{"alt_text":"","src":"https:\/\/i0.wp.com\/3gozdergisi.com\/wp-content\/uploads\/2019\/11\/%C5%9Fato.jpg?fit=679%2C452&ssl=1&resize=350%2C200","width":350,"height":200,"srcset":"https:\/\/i0.wp.com\/3gozdergisi.com\/wp-content\/uploads\/2019\/11\/%C5%9Fato.jpg?fit=679%2C452&ssl=1&resize=350%2C200 1x, https:\/\/i0.wp.com\/3gozdergisi.com\/wp-content\/uploads\/2019\/11\/%C5%9Fato.jpg?fit=679%2C452&ssl=1&resize=525%2C300 1.5x"},"classes":[]},{"id":2218,"url":"https:\/\/3gozdergisi.com\/?p=2218","url_meta":{"origin":1493,"position":4},"title":"Kas\u0131m Ay\u0131 Y\u00fckselen Bur\u00e7 Yorumlar\u0131","author":"editor net","date":"17 Kas\u0131m 2020","format":false,"excerpt":"Y\u00fckselen Ko\u00e7lar Kas\u0131m ay\u0131na 31 Ekim\u2019de ger\u00e7ekle\u015fecek dolunay ile ba\u015fl\u0131yoruz. Parasal durumunuzla ilgili ani bir \u00f6deme olabilir. Bu dolunayda kendinize kendi \u00f6z de\u011ferinizi hat\u0131rlatabilirsiniz. Bu ay finansal durumunuzla ilgili yap\u0131land\u0131rmaya gidebilirsiniz. Bor\u00e7lar, krediler yada alacaklarla ilgili g\u00fcndemler ana konunuz olabilir. \u00d6demelerinizle ilgili g\u00fczel geli\u015fmeler de olabilir. Ayn\u0131 zamanda terapi almak\u2026","rel":"","context":"&quot;Astroloji&quot; i\u00e7inde","block_context":{"text":"Astroloji","link":"https:\/\/3gozdergisi.com\/?cat=1316"},"img":{"alt_text":"","src":"https:\/\/i2.wp.com\/3gozdergisi.com\/wp-content\/uploads\/2020\/09\/WhatsApp-Image-2020-09-25-at-07.57.12.jpeg?resize=350%2C200","width":350,"height":200},"classes":[]},{"id":1345,"url":"https:\/\/3gozdergisi.com\/?p=1345","url_meta":{"origin":1493,"position":5},"title":"\u00d6l\u00fcm kap\u0131ysa \u0131\u015f\u0131k hakt\u0131r&#8230;","author":"g\u00fcler p\u0131narba\u015f\u0131","date":"2 Aral\u0131k 2019","format":false,"excerpt":"Ya\u015fam yoldur insana; yolda \u0131\u015f\u0131ksa insan, insan \u0131\u015f\u0131kta Hakk\u0131 okur Hak olur dile gelir. Ses nefestir ya\u015famlara; insan ci\u011ferleri oldu\u011funda t\u00fcm ya\u015famlar\u0131n, \u0131\u015f\u0131\u011f\u0131na har olup yakt\u0131\u011f\u0131nda, ya\u015famlara nefesiyle nefes katt\u0131\u011f\u0131nda harlan\u0131r, b\u00fcy\u00fcr, geni\u015fler. Ya\u015fama do\u011far ve ya\u015fam\u0131 hak eder. Hak etmek nedir ya\u015fam\u0131? Ya\u015fam olmakt\u0131r; ya\u015fam\u0131 ilahi \u0131\u015f\u0131\u011f\u0131nla kotlamakt\u0131r, y\u0131kamakt\u0131r;\u2026","rel":"","context":"&quot;Genel&quot; i\u00e7inde","block_context":{"text":"Genel","link":"https:\/\/3gozdergisi.com\/?cat=1"},"img":{"alt_text":"","src":"https:\/\/i0.wp.com\/3gozdergisi.com\/wp-content\/uploads\/2019\/12\/%C3%B6l%C3%BCm-do%C4%9Fum.jpg?fit=640%2C480&ssl=1&resize=350%2C200","width":350,"height":200,"srcset":"https:\/\/i0.wp.com\/3gozdergisi.com\/wp-content\/uploads\/2019\/12\/%C3%B6l%C3%BCm-do%C4%9Fum.jpg?fit=640%2C480&ssl=1&resize=350%2C200 1x, https:\/\/i0.wp.com\/3gozdergisi.com\/wp-content\/uploads\/2019\/12\/%C3%B6l%C3%BCm-do%C4%9Fum.jpg?fit=640%2C480&ssl=1&resize=525%2C300 1.5x"},"classes":[]}],"jetpack_sharing_enabled":true,"jetpack_shortlink":"https:\/\/wp.me\/s8Aoxt-1493","jetpack_likes_enabled":true,"_links":{"self":[{"href":"https:\/\/3gozdergisi.com\/index.php?rest_route=\/wp\/v2\/posts\/1493","targetHints":{"allow":["GET"]}}],"collection":[{"href":"https:\/\/3gozdergisi.com\/index.php?rest_route=\/wp\/v2\/posts"}],"about":[{"href":"https:\/\/3gozdergisi.com\/index.php?rest_route=\/wp\/v2\/types\/post"}],"author":[{"embeddable":true,"href":"https:\/\/3gozdergisi.com\/index.php?rest_route=\/wp\/v2\/users\/5"}],"replies":[{"embeddable":true,"href":"https:\/\/3gozdergisi.com\/index.php?rest_route=%2Fwp%2Fv2%2Fcomments&post=1493"}],"version-history":[{"count":5,"href":"https:\/\/3gozdergisi.com\/index.php?rest_route=\/wp\/v2\/posts\/1493\/revisions"}],"predecessor-version":[{"id":1499,"href":"https:\/\/3gozdergisi.com\/index.php?rest_route=\/wp\/v2\/posts\/1493\/revisions\/1499"}],"wp:featuredmedia":[{"embeddable":true,"href":"https:\/\/3gozdergisi.com\/index.php?rest_route=\/wp\/v2\/media\/1497"}],"wp:attachment":[{"href":"https:\/\/3gozdergisi.com\/index.php?rest_route=%2Fwp%2Fv2%2Fmedia&parent=1493"}],"wp:term":[{"taxonomy":"category","embeddable":true,"href":"https:\/\/3gozdergisi.com\/index.php?rest_route=%2Fwp%2Fv2%2Fcategories&post=1493"},{"taxonomy":"post_tag","embeddable":true,"href":"https:\/\/3gozdergisi.com\/index.php?rest_route=%2Fwp%2Fv2%2Ftags&post=1493"}],"curies":[{"name":"wp","href":"https:\/\/api.w.org\/{rel}","templated":true}]}}