{"id":273,"date":"2017-06-04T16:45:52","date_gmt":"2017-06-04T13:45:52","guid":{"rendered":"http:\/\/3gozdergisi.com\/blog\/?p=273"},"modified":"2017-06-04T16:45:52","modified_gmt":"2017-06-04T13:45:52","slug":"yaratmak-varliga-mahsustur","status":"publish","type":"post","link":"https:\/\/3gozdergisi.com\/?p=273","title":{"rendered":"Yaratmak varl\u0131\u011fa mahsustur"},"content":{"rendered":"<p><strong>Yaz\u0131:\u00a0<\/strong>Mustafa Emin Palaz<\/p>\n<p><a href=\"http:\/\/www.firsatyonetimi.com\/\"><img data-recalc-dims=\"1\" loading=\"lazy\" decoding=\"async\" data-attachment-id=\"147\" data-permalink=\"https:\/\/3gozdergisi.com\/?attachment_id=147\" data-orig-file=\"https:\/\/i0.wp.com\/3gozdergisi.com\/wp-content\/uploads\/2017\/04\/link.png?fit=50%2C50&amp;ssl=1\" data-orig-size=\"50,50\" data-comments-opened=\"1\" data-image-meta=\"{&quot;aperture&quot;:&quot;0&quot;,&quot;credit&quot;:&quot;&quot;,&quot;camera&quot;:&quot;&quot;,&quot;caption&quot;:&quot;&quot;,&quot;created_timestamp&quot;:&quot;0&quot;,&quot;copyright&quot;:&quot;&quot;,&quot;focal_length&quot;:&quot;0&quot;,&quot;iso&quot;:&quot;0&quot;,&quot;shutter_speed&quot;:&quot;0&quot;,&quot;title&quot;:&quot;&quot;,&quot;orientation&quot;:&quot;0&quot;}\" data-image-title=\"link\" data-image-description=\"\" data-image-caption=\"\" data-large-file=\"https:\/\/i0.wp.com\/3gozdergisi.com\/wp-content\/uploads\/2017\/04\/link.png?fit=50%2C50&amp;ssl=1\" class=\"alignnone size-full wp-image-147\" src=\"https:\/\/i0.wp.com\/3gozdergisi.com\/blog\/wp-content\/uploads\/2017\/04\/link.png?resize=50%2C50\" alt=\"\" width=\"50\" height=\"50\" \/><\/a>\u00a0<a href=\"https:\/\/www.facebook.com\/mustep?fref=ts\"><img data-recalc-dims=\"1\" loading=\"lazy\" decoding=\"async\" data-attachment-id=\"145\" data-permalink=\"https:\/\/3gozdergisi.com\/?attachment_id=145\" data-orig-file=\"https:\/\/i0.wp.com\/3gozdergisi.com\/wp-content\/uploads\/2017\/04\/facebook.png?fit=50%2C50&amp;ssl=1\" data-orig-size=\"50,50\" data-comments-opened=\"1\" data-image-meta=\"{&quot;aperture&quot;:&quot;0&quot;,&quot;credit&quot;:&quot;&quot;,&quot;camera&quot;:&quot;&quot;,&quot;caption&quot;:&quot;&quot;,&quot;created_timestamp&quot;:&quot;0&quot;,&quot;copyright&quot;:&quot;&quot;,&quot;focal_length&quot;:&quot;0&quot;,&quot;iso&quot;:&quot;0&quot;,&quot;shutter_speed&quot;:&quot;0&quot;,&quot;title&quot;:&quot;&quot;,&quot;orientation&quot;:&quot;0&quot;}\" data-image-title=\"facebook\" data-image-description=\"\" data-image-caption=\"\" data-large-file=\"https:\/\/i0.wp.com\/3gozdergisi.com\/wp-content\/uploads\/2017\/04\/facebook.png?fit=50%2C50&amp;ssl=1\" class=\"alignnone size-full wp-image-145\" src=\"https:\/\/i0.wp.com\/3gozdergisi.com\/blog\/wp-content\/uploads\/2017\/04\/facebook.png?resize=50%2C50\" alt=\"\" width=\"50\" height=\"50\" \/><\/a>\u00a0<a href=\"mailto:mustep@gmail.com\"><img data-recalc-dims=\"1\" loading=\"lazy\" decoding=\"async\" data-attachment-id=\"148\" data-permalink=\"https:\/\/3gozdergisi.com\/?attachment_id=148\" data-orig-file=\"https:\/\/i0.wp.com\/3gozdergisi.com\/wp-content\/uploads\/2017\/04\/mail.png?fit=50%2C50&amp;ssl=1\" data-orig-size=\"50,50\" data-comments-opened=\"1\" data-image-meta=\"{&quot;aperture&quot;:&quot;0&quot;,&quot;credit&quot;:&quot;&quot;,&quot;camera&quot;:&quot;&quot;,&quot;caption&quot;:&quot;&quot;,&quot;created_timestamp&quot;:&quot;0&quot;,&quot;copyright&quot;:&quot;&quot;,&quot;focal_length&quot;:&quot;0&quot;,&quot;iso&quot;:&quot;0&quot;,&quot;shutter_speed&quot;:&quot;0&quot;,&quot;title&quot;:&quot;&quot;,&quot;orientation&quot;:&quot;0&quot;}\" data-image-title=\"mail\" data-image-description=\"\" data-image-caption=\"\" data-large-file=\"https:\/\/i0.wp.com\/3gozdergisi.com\/wp-content\/uploads\/2017\/04\/mail.png?fit=50%2C50&amp;ssl=1\" class=\"alignnone size-full wp-image-148\" src=\"https:\/\/i0.wp.com\/3gozdergisi.com\/blog\/wp-content\/uploads\/2017\/04\/mail.png?resize=50%2C50\" alt=\"\" width=\"50\" height=\"50\" \/><\/a><\/p>\n<p>\u0130nsan, alg\u0131layabildi\u011fi bir d\u00fcnyada ya\u015far, de\u011fil mi?<\/p>\n<p>\u0130ster sadece siyah-beyaz olsun \u00e2lem, ister harikalar diyar\u0131. Belki insanlar bir toplumdur, belki ayn\u0131 yerde ya\u015fayan birbirinden ba\u011f\u0131ms\u0131z bireylerdir. Belki herkes \u00e7\u00f6z\u00fcm i\u00e7in, s\u00fcre\u00e7leri daha iyiye ta\u015f\u0131mak i\u00e7in g\u00f6revlidir belki de her yetki tek bir merciye tahsis edilmi\u015ftir.<\/p>\n<p>Nas\u0131l oldu\u011funa inan\u0131yorsak, \u00f6yle bir ortamda, \u00f6yle bir hayat ge\u00e7iririz.<\/p>\n<p>Haliyle nas\u0131l bir \u015fey oldu\u011funa inanm\u0131yorsak, \u00f6yle bir \u015fey de g\u00f6remeden g\u00f6\u00e7er gideriz, d\u00fcz bir mant\u0131kla.<\/p>\n<p>Yarat\u0131c\u0131l\u0131k da ayn\u0131 say\u0131l\u0131r.<\/p>\n<p>Bu konudaki \u00e7al\u0131\u015fmalar\u0131yla tan\u0131nan Tony Buzan\u2019\u0131n Yarat\u0131c\u0131 Zekan\u0131n G\u00fcc\u00fc isimli kitab\u0131na g\u00f6re insanlar\u0131n %99\u2019u yarat\u0131c\u0131l\u0131\u011f\u0131na inanm\u0131yor.<\/p>\n<p>T\u00fcrk\u2019\u00fcn, akl\u0131n\u0131n yetmedi\u011fine inanmas\u0131 gibi, \u0130talyan\u2019\u0131n da, Amerikal\u0131\u2019n\u0131n, \u0130ngiliz\u2019in, Frans\u0131z\u2019\u0131n da akl\u0131 yetmiyor yarat\u0131c\u0131l\u0131\u011fa. Kendisi b\u00f6yle inan\u0131yor \u00e7\u00fcnk\u00fc.<\/p>\n<p>B\u00f6yle inand\u0131\u011f\u0131 i\u00e7in de b\u00f6yle ya\u015f\u0131yor: tek d\u00fcze, yenilikten ve farkl\u0131l\u0131ktan uzak, hatta bunlara tepkili!<\/p>\n<p>McGregor isimli bilim insan\u0131n\u0131n \u201cX insan\u0131\u201d teorisine g\u00f6re, insan denen varl\u0131k de\u011fi\u015fimden korkar, tepkilidir, kar\u015f\u0131d\u0131r. Oysa \u201cY insan\u0131\u201d kuram\u0131na g\u00f6re insan de\u011fi\u015fimi arzular, ancak de\u011fi\u015fimin getireceklerini bilmedi\u011fi i\u00e7in \u00fcrkek davran\u0131r.<\/p>\n<p>Peki biz \u00fcrkt\u00fck\u00e7e de\u011fi\u015fim nas\u0131l gelir?<\/p>\n<p>Ya her \u015fey sabit, monoton devam eder ya da ihtil\u00e2ller olur, y\u0131k\u0131c\u0131 \u015fekilde ya\u015fam bulur.<\/p>\n<p>\u00c7\u00fcnk\u00fc duymu\u015fsunuzdur; de\u011fi\u015fmeyen tek \u015feyin de\u011fi\u015fim olmas\u0131, her\u015feyin de\u011fi\u015fmesi.<\/p>\n<p>Heraklitos\u2019un me\u015fhur sav\u0131 da bu y\u00f6nde de\u011fil midir: bir insan\u0131n bir nehirde iki kez y\u0131kanamayaca\u011f\u0131?<\/p>\n<p>Akan su de\u011fi\u015fir, suyun debisi de\u011fi\u015fir, ta\u015f\u0131d\u0131klar\u0131 de\u011fi\u015fir, y\u0131kanan insan de\u011fi\u015fir, insan\u0131n kiri de\u011fi\u015fir, h\u00fccreleri de\u011fi\u015fir\u2026<\/p>\n<p>De\u011fi\u015fimler, d\u00f6n\u00fc\u015f\u00fcm do\u011furdu\u011funda yarat\u0131m s\u00fcreci ba\u015flar i\u015fte!<\/p>\n<p>Olmayan bir \u015feyi var etmek de yarat\u0131c\u0131l\u0131\u011fa girer, olanlar\u0131 farkl\u0131 \u015fekilde bir araya getirmek de\u2026<\/p>\n<p>Dolay\u0131s\u0131yla Mazhar Fuat \u00d6zkan \u00fc\u00e7l\u00fcs\u00fcn\u00fcn \u201cG\u00f6zya\u015flar\u0131m\u0131z\u0131 Bitti Mi Sand\u0131n?\u201d \u015fark\u0131lar\u0131 nas\u0131l duygular\u0131m\u0131z\u0131 tetikleyen farkl\u0131 ezgileri hissettiren bir yarat\u0131c\u0131l\u0131k \u00f6rne\u011fiyse, ayn\u0131 \u015fekilde bir barda sahne alan ho\u015f bir k\u0131z\u0131n da bu \u015fark\u0131y\u0131 punk edas\u0131nda s\u00f6ylemesi, eski duygulara yeni duygular katmas\u0131, yine yarat\u0131c\u0131l\u0131k olmayacak m\u0131d\u0131r?<\/p>\n<p>S\u00fcre\u00e7 ayn\u0131 s\u00fcre\u00e7. Bir hedef var, o hedefe y\u00f6nelik \u00e7e\u015fitli ara\u00e7lar var, ezgiler var, kulak var, ses var, \u00e7alg\u0131lar var.<\/p>\n<p>Kulak demi\u015fken yarat\u0131c\u0131l\u0131\u011f\u0131m\u0131z\u0131 inkar eden arkada\u015flar\u0131n es ge\u00e7ti\u011fi bir \u015feyden bahsetmek istiyorum. Sesi duyar ve alg\u0131lar\u0131z. Ancak sizce, beynimizde ses mi dalgalan\u0131yor? Yoksa o duyulan sesin d\u00f6n\u00fc\u015ft\u00fcr\u00fcld\u00fc\u011f\u00fc elektrik dalgalar\u0131 m\u0131? Dalga ses dalgas\u0131yken, yeni bir dalga yarat\u0131l\u0131yor i\u015fitti\u011fimiz her seste.<\/p>\n<p>Yani asl\u0131nda biz fark\u0131nda olmasak da seri ve mucizevi bir yarat\u0131c\u0131l\u0131k sergiliyoruz.<\/p>\n<p>Benzer s\u00fcre\u00e7 g\u00f6rme yetisi i\u00e7in de ge\u00e7erli. Beynimiz devasa bir foto\u011fraf alb\u00fcm\u00fc veya video ar\u015fivi de\u011fil! G\u00f6z\u00fcm\u00fcz\u00fcn alg\u0131lad\u0131klar\u0131, i\u00e7eride yeniden yarat\u0131m s\u00fcrecine giriyor.<\/p>\n<p>\u00c7ok denedim bu konuda, \u00e7ok g\u00f6zlemledim, insanlar\u0131 dinledim. Yarat\u0131c\u0131l\u0131k baz\u0131lar\u0131m\u0131zda yetenek olabilir, ama aslen bir beceridir. Yani baz\u0131lar\u0131n\u0131n yarat\u0131c\u0131l\u0131\u011fa y\u00f6nelmesi y\u00fcksek olabilir veya bu konuda daha kolay sonuca ula\u015fabilirler. Ama herkes bu konuda \u00e7al\u0131\u015farak ba\u015far\u0131l\u0131 olabilir.<\/p>\n<p>Peki dile bu kadar kolay gelen bir s\u00fcre\u00e7 ni\u00e7in \u00e7ok ni\u015f, sadece elit beyinlerin icra edebilece\u011fi bir \u015feymi\u015f gibi alg\u0131lan\u0131yor?<\/p>\n<p>Yine ba\u015fta s\u00f6ylediklerimde yat\u0131yor cevap: nas\u0131l bak\u0131yorsak, \u00f6yle alg\u0131l\u0131yoruz yarat\u0131c\u0131l\u0131\u011f\u0131 da hayat\u0131 da.<\/p>\n<p>E\u011fer monotonsak, mono bir tonda seyir ediyoruz demektir. Mono, tekil, tekli, tek y\u00f6nl\u00fc demektir. Hep mavi t\u00fckenmez kalemle yaz\u0131yorsak, \u00fcstelik yaz\u0131n\u0131n mavi t\u00fckenmez kalemle yaz\u0131lmas\u0131n\u0131 bekliyorsak, yeni bir \u015fey yazma, hatta yeni bir \u015feyle kar\u015f\u0131la\u015fma olas\u0131l\u0131\u011f\u0131m\u0131z d\u00fc\u015f\u00fck olacakt\u0131r.<\/p>\n<p>Tabi \u015f\u00f6yle de bir \u015fey var ki tuzak ve handikapt\u0131r. E\u011fer hep farkl\u0131 kalemle yazmaya \u00e7al\u0131\u015f\u0131yorsak, kalem de\u011fi\u015ftirirken savrulan zaman da bir kay\u0131pt\u0131r, \u00f6nceki \u00f6rnekteki yarat\u0131c\u0131l\u0131k kayb\u0131 misali. \u00c7\u00fcnk\u00fc yarat\u0131c\u0131l\u0131\u011f\u0131m\u0131z\u0131 beslemeye \u00e7al\u0131\u015f\u0131rken, yarat\u0131m s\u00fcrecine ket vuruyoruz bu durumda.<\/p>\n<p>O sebeple, yarat\u0131c\u0131l\u0131k ad\u0131na optimum durumumuz ve seviyemiz \u00f6nemli. Yani farkl\u0131 a\u00e7\u0131lar yakalayabilme becerisi kadar, bu a\u00e7\u0131lar\u0131 hayata ge\u00e7irebilmek de \u00f6nemli. Bu, yarat\u0131c\u0131l\u0131k ve yap\u0131labilirsin aras\u0131nda uygun, optimum bir nokta yakalanmas\u0131d\u0131r.<\/p>\n<p>Bundan sonraki \u00f6devimiz de bu seviyeyi art\u0131rmakt\u0131r ki sadece tecr\u00fcbe gerekli, zaman gerekli.<\/p>\n<p>Birka\u00e7 ihtiyac\u0131m\u0131z var; farkl\u0131l\u0131k, farkl\u0131l\u0131\u011f\u0131 yakalamak ve yapmak.<\/p>\n<p>Farkl\u0131l\u0131k i\u00e7in farkl\u0131 \u015feyler denemek gerekir. \u00d6rne\u011fin i\u015fe farkl\u0131 yollardan gitmek, farkl\u0131 insanlarla tan\u0131\u015fmak, farkl\u0131 konularda dergiler kar\u0131\u015ft\u0131rmak, \u00e7evremizi ve kendimizi \u015fa\u015f\u0131rt\u0131c\u0131, farkl\u0131 eylemlerde bulunmak, web forumlar\u0131nda gezinmek, i\u015flerimizi farkl\u0131 metotlarla yapmak, farkl\u0131 hayaller kurmak\u2026<\/p>\n<blockquote><p>Farkl\u0131l\u0131k i\u00e7in farkl\u0131 \u015feyler denemek gerekir. \u00d6rne\u011fin i\u015fe farkl\u0131 yollardan gitmek, farkl\u0131 insanlarla tan\u0131\u015fmak, farkl\u0131 konularda dergiler kar\u0131\u015ft\u0131rmak, \u00e7evremizi ve kendimizi \u015fa\u015f\u0131rt\u0131c\u0131, farkl\u0131 eylemlerde bulunmak, web forumlar\u0131nda gezinmek, i\u015flerimizi farkl\u0131 metotlarla yapmak, farkl\u0131 hayaller kurmak\u2026<\/p><\/blockquote>\n<p>Mazeretleri duyar gibiyim; g\u00fcn\u00fcm\u00fcz \u015fartlar\u0131nda ancak yapt\u0131\u011f\u0131m\u0131z\u0131 yapabiliyoruz, sahip oldu\u011fumuz \u015fey zaten sahip olabilece\u011fimizin en iyisi, kurdu\u011fumuz hayal bile en geli\u015fmi\u015f vizyonumuzun \u00fcr\u00fcn\u00fc. H\u00e2l b\u00f6yle zorlu ve k\u0131s\u0131tl\u0131yken nas\u0131l farkl\u0131l\u0131\u011f\u0131 elde edece\u011fiz?<\/p>\n<p>Deneyin! Vergisi yok, faturas\u0131, \u00f6demesi yok! Belki g\u00fcnde birka\u00e7 dakika, belki haftada birka\u00e7 dakika\u2026 Ama deneyin!<\/p>\n<p>Deneye deneye su akacak ve yarat\u0131c\u0131l\u0131k suyu, aka aka yolunu bulacak.<\/p>\n<p>Pratik \u00e7al\u0131\u015fmalar\u0131, daha bilgi sahibi olmadan nas\u0131l yapaca\u011f\u0131z peki?<\/p>\n<p>E\u011fitim, bu bahanenizin cevab\u0131 olamaz m\u0131? Yarat\u0131c\u0131l\u0131k \u00fczerine, yenilik odakl\u0131 d\u00fc\u015f\u00fcnme becerileri \u00fczerine ve hatta zihin haritalama \u00fczerine benim e\u011fitimlerim oldu\u011fu gibi, bir\u00e7ok ba\u015far\u0131l\u0131 e\u011fitmen arkada\u015f\u0131m\u0131n da \u00e7al\u0131\u015fmalar\u0131 var.<\/p>\n<p>E\u011fitimler pahal\u0131, ay\u0131racak b\u00fct\u00e7emiz yok ya da e\u011fitimi finanse edecek sponsorumuz da yok! Ama \u0130brahim M\u00fcteferrika \u00e7\u00f6zm\u00fc\u015f bu sorunumuzu; matbaan\u0131n icad\u0131yla. Kitaplar var, hem de bir \u00e7ok.<\/p>\n<p>Kitaplar\u0131 okumaya zaman\u0131n\u0131z yoksa, yarat\u0131c\u0131l\u0131k y\u00f6neticili\u011fi var. Think thank gruplar\u0131, beyin f\u0131rt\u0131nas\u0131 toplant\u0131lar\u0131, bireysel veya ekip ko\u00e7lu\u011fu \u00e7al\u0131\u015fmalar\u0131\u2026<\/p>\n<p>E\u011fer ki\u2026<\/p>\n<p>E\u011fer her y\u00f6nden k\u0131s\u0131t\u0131n\u0131z oldu\u011funa inan\u0131yorsan\u0131z, s\u00fcper bir \u00e7\u0131k\u0131\u015f yolunuz var demektir!<\/p>\n<p>Sadece size \u00f6zg\u00fc, sadece sizin yapabilece\u011finiz ve ba\u015fkalar\u0131na ilham ve cesaret ve umut sa\u00e7abilecek g\u00fc\u00e7te. Sakinle\u015fin ve bu yol her ne ise, onu bulun, yap\u0131n!<\/p>\n<p>G\u00f6rd\u00fc\u011f\u00fcn\u00fcz gibi tek \u015feye ihtiya\u00e7 kal\u0131yor; bahaneler i\u00e7in harcad\u0131\u011f\u0131n\u0131z yarat\u0131c\u0131l\u0131\u011f\u0131, yarat\u0131c\u0131 becerinizi geli\u015ftirmek i\u00e7in de\u011ferlendirmeye.<\/p>\n<p>Dileyene ispat edebildi\u011fim bir d\u00fc\u015f\u00fcncem var; herkesin yarat\u0131c\u0131 oldu\u011funa inan\u0131yorum!<\/p>\n<blockquote><p>McGregor isimli bilim insan\u0131n\u0131n \u201cX insan\u0131\u201d teorisine g\u00f6re, insan denen varl\u0131k de\u011fi\u015fimden korkar, tepkilidir, kar\u015f\u0131d\u0131r. Oysa \u201cY insan\u0131\u201d kuram\u0131na g\u00f6re insan de\u011fi\u015fimi arzular, ancak de\u011fi\u015fimin getireceklerini bilmedi\u011fi i\u00e7in \u00fcrkek davran\u0131r.<\/p><\/blockquote>\n<p>\u00c7\u00fcnk\u00fc ya\u015fayan herkes \u00f6yle ya da b\u00f6yle bir \u015fey \u00fcretir: hizmet \u00fcretir, \u00fct\u00fc \u00fcretir, \u00e7orba \u00fcretir, \u00e7a\u011fr\u0131 merkezi aramalar\u0131 \u00fcretir, fitne fesat \u00fcretir, bar\u0131\u015f \u00fcretir, ilham \u00fcretir\u2026<\/p>\n<p>Herkes \u0131sl\u0131k \u00e7alarken m\u00fczik \u00fcretir, bunu kar\u0131\u015f\u0131k yaparsa Vivaldi\u2019nin 4 Mevsim eseri gibi olabilir.<\/p>\n<p>Herkes Cin Ali \u00e7izebilir. Kollar\u0131 uzun, ayaklar\u0131 ince olursa Dali olur, Munch olur. Aradaki fark, buna yo\u011funla\u015fmak, beceriyi geli\u015ftirmek, icra etmek.<\/p>\n<p>Bir bahane daha ili\u015fti g\u00f6z\u00fcme; yarat\u0131c\u0131l\u0131k ne i\u015fime yarayacak?<\/p>\n<p>Do\u011fu mistizmiyle biraz olsun ilgiliyseniz, yarat\u0131c\u0131l\u0131kla \u00fcretkenli\u011fin ayn\u0131 \u00e7akradan beslendi\u011fini bilirsiniz. Daha iyi bir ya\u015fam i\u00e7in daha iyi \u00fcretim, daha iyi \u00fcretim i\u00e7in daha yarat\u0131c\u0131 eylemler gerekti\u011fini de biliyorsunuz.<\/p>\n<p>Bat\u0131da pek\u00e2l\u00e2? Steve Jobs\u2019u Steve Jobs yapan yarat\u0131c\u0131l\u0131\u011f\u0131 de\u011fil mi? Google ise karma\u015f\u0131k web sayfas\u0131 yap\u0131lar\u0131na basitlik, sadelik getirmedi mi? Celal Aras, pazarlamada yarat\u0131c\u0131l\u0131k yapt\u0131. Gandhi sivil haklar\u0131na yarat\u0131c\u0131 \u00e7\u00f6z\u00fcmler getirdi. Muhammed Peygamber, Arap edebiyat\u0131n\u0131 yarat\u0131c\u0131 \u015fekilde kulland\u0131, Atat\u00fcrk yarat\u0131c\u0131 bir vizyon ile liderlik etti. Kristof Kolomb yarat\u0131c\u0131 bir rotaya yelken a\u00e7t\u0131. Annenizle baban\u0131z da yarat\u0131c\u0131 bir keyifle sizi d\u00fcnyaya getirdi.<\/p>\n<p>\u0130nsan yarat\u0131ld\u0131, var edildi. Daha iyisi i\u00e7in g\u00f6revlendirildi.<\/p>\n<p>Daha iyisi i\u00e7in yarat\u0131c\u0131 yollar gerekiyorsa e\u011fer, insan bu g\u00fc\u00e7le de donat\u0131ld\u0131.<\/p>\n<p>\u015eimdi ise bir \u015feyleri yaratma s\u0131ras\u0131, insanda.\u00a0 \u00c7\u00fcnk\u00fc yaratmak varl\u0131\u011fa mahsus oldu.<\/p>\n","protected":false},"excerpt":{"rendered":"<p>Yaz\u0131:\u00a0Mustafa Emin Palaz \u00a0\u00a0 \u0130nsan, alg\u0131layabildi\u011fi bir d\u00fcnyada ya\u015far, de\u011fil mi? \u0130ster sadece siyah-beyaz olsun \u00e2lem, ister harikalar diyar\u0131. Belki insanlar bir toplumdur, belki ayn\u0131 yerde ya\u015fayan birbirinden ba\u011f\u0131ms\u0131z bireylerdir. Belki herkes \u00e7\u00f6z\u00fcm i\u00e7in, s\u00fcre\u00e7leri daha iyiye ta\u015f\u0131mak i\u00e7in g\u00f6revlidir belki de her yetki tek bir merciye tahsis edilmi\u015ftir. Nas\u0131l<span class=\"more-link\"><a href=\"https:\/\/3gozdergisi.com\/?p=273\">Read More &rarr;<\/a><\/span><\/p>\n","protected":false},"author":1,"featured_media":274,"comment_status":"open","ping_status":"open","sticky":false,"template":"","format":"standard","meta":{"advanced_seo_description":"","jetpack_seo_html_title":"","jetpack_seo_noindex":false,"jetpack_post_was_ever_published":false,"_jetpack_newsletter_access":"","_jetpack_dont_email_post_to_subs":false,"_jetpack_newsletter_tier_id":0,"_jetpack_memberships_contains_paywalled_content":false,"_jetpack_memberships_contains_paid_content":false,"footnotes":"","jetpack_publicize_message":"","jetpack_publicize_feature_enabled":true,"jetpack_social_post_already_shared":true,"jetpack_social_options":{"image_generator_settings":{"template":"highway","default_image_id":0,"font":"","enabled":false},"version":2}},"categories":[26],"tags":[14,27,28],"class_list":["entry","author-dergi","post-273","post","type-post","status-publish","format-standard","has-post-thumbnail","category-sayi-10","tag-mustafa-emin-palaz","tag-sayi-10","tag-yaraticilik"],"jetpack_publicize_connections":[],"jetpack_featured_media_url":"https:\/\/i0.wp.com\/3gozdergisi.com\/wp-content\/uploads\/2017\/06\/mstfa.jpg?fit=1500%2C1500&ssl=1","jetpack-related-posts":[{"id":205,"url":"https:\/\/3gozdergisi.com\/?p=205","url_meta":{"origin":273,"position":0},"title":"Mi\u011fferden Saks\u0131 | Mustafa Emin Palaz","author":"dergi","date":"4 Haziran 2017","format":false,"excerpt":"\u0130\u015f hayat\u0131ndaki etik size nas\u0131l yans\u0131yor? \u0130\u015fletmenizdeki duygusal tsunamilerde bo\u011fulmad\u0131n\u0131z m\u0131? Anla\u015fmazl\u0131klar\u0131n\u0131zda sonu gelmeyen ikna \u00e7abalar\u0131ndan yorulmad\u0131n\u0131z m\u0131? D\u00fczl\u00fc\u011fe \u00e7\u0131kabilmek i\u00e7in yeterince \u00e7abalamad\u0131n\u0131z m\u0131? Karma\u015f\u0131k anlarda bile kolayca karar alabilmek, ald\u0131\u011f\u0131n\u0131z kararlar\u0131 pratik \u015fekilde y\u00f6netebilmek istemez miydiniz? D\u00fcnya genelinde h\u00fck\u00fcmet yetkililerinin, askeri y\u00f6neticilerin, i\u015fletme y\u00f6neticilerinin, avukatlar\u0131n ve benzeri karar al\u0131c\u0131lar\u0131n\u2026","rel":"","context":"&quot;kitap&quot; i\u00e7inde","block_context":{"text":"kitap","link":"https:\/\/3gozdergisi.com\/?cat=11"},"img":{"alt_text":"","src":"https:\/\/i0.wp.com\/3gozdergisi.com\/wp-content\/uploads\/2017\/04\/books.jpg?fit=1200%2C798&ssl=1&resize=350%2C200","width":350,"height":200,"srcset":"https:\/\/i0.wp.com\/3gozdergisi.com\/wp-content\/uploads\/2017\/04\/books.jpg?fit=1200%2C798&ssl=1&resize=350%2C200 1x, https:\/\/i0.wp.com\/3gozdergisi.com\/wp-content\/uploads\/2017\/04\/books.jpg?fit=1200%2C798&ssl=1&resize=525%2C300 1.5x, https:\/\/i0.wp.com\/3gozdergisi.com\/wp-content\/uploads\/2017\/04\/books.jpg?fit=1200%2C798&ssl=1&resize=700%2C400 2x, https:\/\/i0.wp.com\/3gozdergisi.com\/wp-content\/uploads\/2017\/04\/books.jpg?fit=1200%2C798&ssl=1&resize=1050%2C600 3x"},"classes":[]},{"id":2103,"url":"https:\/\/3gozdergisi.com\/?p=2103","url_meta":{"origin":273,"position":1},"title":"Ya\u015fama Sanat\u0131","author":"g\u00fcler p\u0131narba\u015f\u0131","date":"23 Temmuz 2020","format":false,"excerpt":"B\u00f6yle bir sanat m\u0131 var? \u00c7ok kimseyi ya\u015fama sanat\u0131n\u0131n varl\u0131\u011f\u0131na inand\u0131rmak, bir hayli g\u00fc\u00e7 olacak. Nedir bu ya\u015fama sanat\u0131? Nas\u0131l tan\u0131m\u0131n\u0131 yapabiliriz bu sanat\u0131n? Ya\u015fam\u0131n her an\u0131n\u0131 tad\u0131n\u0131 \u00e7\u0131kararak doya doya, dolu dolu ya\u015famak diyecek olsam, ya da Naz\u0131m\u2019 \u0131n, dizelerinde dile getirdi\u011fi gibi, \u201cAnlayarak bir usta kitap gibi, bir\u2026","rel":"","context":"&quot;Ar\u015fiv&quot; i\u00e7inde","block_context":{"text":"Ar\u015fiv","link":"https:\/\/3gozdergisi.com\/?cat=1273"},"img":{"alt_text":"","src":"https:\/\/i0.wp.com\/3gozdergisi.com\/wp-content\/uploads\/2020\/07\/zen-meditasyonu.jpg?fit=750%2C500&ssl=1&resize=350%2C200","width":350,"height":200,"srcset":"https:\/\/i0.wp.com\/3gozdergisi.com\/wp-content\/uploads\/2020\/07\/zen-meditasyonu.jpg?fit=750%2C500&ssl=1&resize=350%2C200 1x, https:\/\/i0.wp.com\/3gozdergisi.com\/wp-content\/uploads\/2020\/07\/zen-meditasyonu.jpg?fit=750%2C500&ssl=1&resize=525%2C300 1.5x, https:\/\/i0.wp.com\/3gozdergisi.com\/wp-content\/uploads\/2020\/07\/zen-meditasyonu.jpg?fit=750%2C500&ssl=1&resize=700%2C400 2x"},"classes":[]},{"id":93,"url":"https:\/\/3gozdergisi.com\/?p=93","url_meta":{"origin":273,"position":2},"title":"Travma","author":"dergi","date":"6 Nisan 2017","format":false,"excerpt":"Yaz\u0131: \u00c7a\u011fr\u0131 D\u00f6rter \u00a0 Ayd\u0131nlanma gelenekleri, bilgelik \u00f6\u011fretileri, tasavvuf, varolu\u015f ve insan ili\u015fkisi, insan\u0131n kim ve ne oldu\u011fu, daimi i\u00e7 s\u0131k\u0131nt\u0131s\u0131n\u0131n nedeni, ya\u015fam i\u00e7indeki yeri ve dinlerin k\u00f6keni hakk\u0131nda yaz\u0131lm\u0131\u015f olan Anka\u2019n\u0131n Kanatlar\u0131 serisinin ilk kitab\u0131ndan al\u0131nm\u0131\u015ft\u0131r. Yak\u0131n zamanda ikinci kitap olan A\u015fk ve Ejder\u2019den de bir al\u0131nt\u0131 yapaca\u011f\u0131z. \u2013\u2026","rel":"","context":"&quot;Genel&quot; i\u00e7inde","block_context":{"text":"Genel","link":"https:\/\/3gozdergisi.com\/?cat=1"},"img":{"alt_text":"","src":"https:\/\/i0.wp.com\/3gozdergisi.com\/wp-content\/uploads\/2017\/04\/peaceful_lake_2-wallpaper-1600x1200.jpg?fit=1200%2C900&ssl=1&resize=350%2C200","width":350,"height":200,"srcset":"https:\/\/i0.wp.com\/3gozdergisi.com\/wp-content\/uploads\/2017\/04\/peaceful_lake_2-wallpaper-1600x1200.jpg?fit=1200%2C900&ssl=1&resize=350%2C200 1x, https:\/\/i0.wp.com\/3gozdergisi.com\/wp-content\/uploads\/2017\/04\/peaceful_lake_2-wallpaper-1600x1200.jpg?fit=1200%2C900&ssl=1&resize=525%2C300 1.5x, https:\/\/i0.wp.com\/3gozdergisi.com\/wp-content\/uploads\/2017\/04\/peaceful_lake_2-wallpaper-1600x1200.jpg?fit=1200%2C900&ssl=1&resize=700%2C400 2x, https:\/\/i0.wp.com\/3gozdergisi.com\/wp-content\/uploads\/2017\/04\/peaceful_lake_2-wallpaper-1600x1200.jpg?fit=1200%2C900&ssl=1&resize=1050%2C600 3x"},"classes":[]},{"id":1076,"url":"https:\/\/3gozdergisi.com\/?p=1076","url_meta":{"origin":273,"position":3},"title":"Ya\u015f \u0130lerledik\u00e7e&#8230;","author":"g\u00fcler p\u0131narba\u015f\u0131","date":"15 May\u0131s 2019","format":false,"excerpt":"Ya\u015f ilerledik\u00e7e sadele\u015fmek ister insan, Kulland\u0131\u011f\u0131 aksesuar say\u0131s\u0131 ya azalm\u0131\u015ft\u0131r ya da ufalm\u0131\u015ft\u0131r. Dilvin Tekson Ya\u015f ilerledik\u00e7e bir do\u011faya do\u011fru \u00e7ekilir insan Betondan yap\u0131lm\u0131\u015f l\u00fcks oteller yerine orman ve deniz k\u0131y\u0131s\u0131nda bir baraka daha cazip gelir. Ya\u015f ilerledik\u00e7e do\u011fal\u0131n\u0131 seversin her \u015feyin; Yedi\u011fin kekin bile renklerle s\u00fcslenmemi\u015fi, re\u00e7elin saf\u0131, marketten\u2026","rel":"","context":"&quot;Genel&quot; i\u00e7inde","block_context":{"text":"Genel","link":"https:\/\/3gozdergisi.com\/?cat=1"},"img":{"alt_text":"","src":"https:\/\/i0.wp.com\/3gozdergisi.com\/wp-content\/uploads\/2019\/05\/dilvin.jpg?fit=720%2C960&ssl=1&resize=350%2C200","width":350,"height":200,"srcset":"https:\/\/i0.wp.com\/3gozdergisi.com\/wp-content\/uploads\/2019\/05\/dilvin.jpg?fit=720%2C960&ssl=1&resize=350%2C200 1x, https:\/\/i0.wp.com\/3gozdergisi.com\/wp-content\/uploads\/2019\/05\/dilvin.jpg?fit=720%2C960&ssl=1&resize=525%2C300 1.5x, https:\/\/i0.wp.com\/3gozdergisi.com\/wp-content\/uploads\/2019\/05\/dilvin.jpg?fit=720%2C960&ssl=1&resize=700%2C400 2x"},"classes":[]},{"id":605,"url":"https:\/\/3gozdergisi.com\/?p=605","url_meta":{"origin":273,"position":4},"title":"Ya\u015fama Sanat\u0131","author":"g\u00fcler p\u0131narba\u015f\u0131","date":"29 Ocak 2018","format":false,"excerpt":"B\u00f6yle bir sanat m\u0131 var? \u00c7ok kimseyi ya\u015fama sanat\u0131n\u0131n varl\u0131\u011f\u0131na inand\u0131rmak, bir hayli g\u00fc\u00e7 olacak. Nedir bu ya\u015fama sanat\u0131? Nas\u0131l tan\u0131m\u0131n\u0131 yapabiliriz bu sanat\u0131n? Ya\u015fam\u0131n her an\u0131n\u0131n tad\u0131n\u0131 \u00e7\u0131kararak doya doya, dolu dolu ya\u015famak diyecek olsam; ya da Naz\u0131m'\u0131n dizelerinde dile getirdi\u011fi gibi, \"Anlayarak bir usta kitap gibi,\u00a0 Bir sevda\u2026","rel":"","context":"&quot;Genel&quot; i\u00e7inde","block_context":{"text":"Genel","link":"https:\/\/3gozdergisi.com\/?cat=1"},"img":{"alt_text":"","src":"https:\/\/i0.wp.com\/3gozdergisi.com\/wp-content\/uploads\/2018\/01\/o-HAPPY-facebook.jpg?fit=1200%2C600&ssl=1&resize=350%2C200","width":350,"height":200,"srcset":"https:\/\/i0.wp.com\/3gozdergisi.com\/wp-content\/uploads\/2018\/01\/o-HAPPY-facebook.jpg?fit=1200%2C600&ssl=1&resize=350%2C200 1x, https:\/\/i0.wp.com\/3gozdergisi.com\/wp-content\/uploads\/2018\/01\/o-HAPPY-facebook.jpg?fit=1200%2C600&ssl=1&resize=525%2C300 1.5x, https:\/\/i0.wp.com\/3gozdergisi.com\/wp-content\/uploads\/2018\/01\/o-HAPPY-facebook.jpg?fit=1200%2C600&ssl=1&resize=700%2C400 2x, https:\/\/i0.wp.com\/3gozdergisi.com\/wp-content\/uploads\/2018\/01\/o-HAPPY-facebook.jpg?fit=1200%2C600&ssl=1&resize=1050%2C600 3x"},"classes":[]},{"id":987,"url":"https:\/\/3gozdergisi.com\/?p=987","url_meta":{"origin":273,"position":5},"title":"Travma","author":"g\u00fcler p\u0131narba\u015f\u0131","date":"10 May\u0131s 2019","format":false,"excerpt":"Nadir anlarda o sessizlikle ba\u015f ba\u015fa kald\u0131klar\u0131nda ise; bedenin, beynin ve zihnin alarm zilleri \u00e7almaya ba\u015flar! \u00c7\u00fcnk\u00fc sessizlik ve dinginlik, \u00e7\u00fcnk\u00fc sekine (derin s\u00fck\u00fbnet hali); ge\u00e7irdi\u011fi travma sonucu i\u00e7ine g\u00f6md\u00fc\u011f\u00fc ve unuttu\u011fu \u201c\u015fey\u201di ona tekrar hat\u0131rlatmaya ba\u015flam\u0131\u015ft\u0131r... Hemen can\u0131 s\u0131k\u0131l\u0131r insan\u0131n... \u00c7a\u011fr\u0131 D\u00f6rter Ayd\u0131nlanma gelenekleri, bilgelik \u00f6\u011fretileri, tasavvuf, varolu\u015f ve\u2026","rel":"","context":"&quot;Genel&quot; i\u00e7inde","block_context":{"text":"Genel","link":"https:\/\/3gozdergisi.com\/?cat=1"},"img":{"alt_text":"","src":"https:\/\/i0.wp.com\/3gozdergisi.com\/wp-content\/uploads\/2019\/05\/travma.jpg?fit=1200%2C675&ssl=1&resize=350%2C200","width":350,"height":200,"srcset":"https:\/\/i0.wp.com\/3gozdergisi.com\/wp-content\/uploads\/2019\/05\/travma.jpg?fit=1200%2C675&ssl=1&resize=350%2C200 1x, https:\/\/i0.wp.com\/3gozdergisi.com\/wp-content\/uploads\/2019\/05\/travma.jpg?fit=1200%2C675&ssl=1&resize=525%2C300 1.5x, https:\/\/i0.wp.com\/3gozdergisi.com\/wp-content\/uploads\/2019\/05\/travma.jpg?fit=1200%2C675&ssl=1&resize=700%2C400 2x, https:\/\/i0.wp.com\/3gozdergisi.com\/wp-content\/uploads\/2019\/05\/travma.jpg?fit=1200%2C675&ssl=1&resize=1050%2C600 3x"},"classes":[]}],"jetpack_sharing_enabled":true,"jetpack_shortlink":"https:\/\/wp.me\/p8Aoxt-4p","jetpack_likes_enabled":true,"_links":{"self":[{"href":"https:\/\/3gozdergisi.com\/index.php?rest_route=\/wp\/v2\/posts\/273","targetHints":{"allow":["GET"]}}],"collection":[{"href":"https:\/\/3gozdergisi.com\/index.php?rest_route=\/wp\/v2\/posts"}],"about":[{"href":"https:\/\/3gozdergisi.com\/index.php?rest_route=\/wp\/v2\/types\/post"}],"author":[{"embeddable":true,"href":"https:\/\/3gozdergisi.com\/index.php?rest_route=\/wp\/v2\/users\/1"}],"replies":[{"embeddable":true,"href":"https:\/\/3gozdergisi.com\/index.php?rest_route=%2Fwp%2Fv2%2Fcomments&post=273"}],"version-history":[{"count":1,"href":"https:\/\/3gozdergisi.com\/index.php?rest_route=\/wp\/v2\/posts\/273\/revisions"}],"predecessor-version":[{"id":275,"href":"https:\/\/3gozdergisi.com\/index.php?rest_route=\/wp\/v2\/posts\/273\/revisions\/275"}],"wp:featuredmedia":[{"embeddable":true,"href":"https:\/\/3gozdergisi.com\/index.php?rest_route=\/wp\/v2\/media\/274"}],"wp:attachment":[{"href":"https:\/\/3gozdergisi.com\/index.php?rest_route=%2Fwp%2Fv2%2Fmedia&parent=273"}],"wp:term":[{"taxonomy":"category","embeddable":true,"href":"https:\/\/3gozdergisi.com\/index.php?rest_route=%2Fwp%2Fv2%2Fcategories&post=273"},{"taxonomy":"post_tag","embeddable":true,"href":"https:\/\/3gozdergisi.com\/index.php?rest_route=%2Fwp%2Fv2%2Ftags&post=273"}],"curies":[{"name":"wp","href":"https:\/\/api.w.org\/{rel}","templated":true}]}}